{"id":592,"count":2,"description":"La Tardana es una variedad blanca aut\u00f3ctona de la Comunitat Valenciana. Su maduraci\u00f3n tard\u00eda le permite conservar una acidez fresca notable. Una rareza del patrimonio vit\u00edcola valenciano recuperada por peque\u00f1os productores naturales.","link":"https:\/\/terroirradical.es\/tienda\/categoria-producto\/varietat-tardana\/","name":"Tardana","slug":"varietat-tardana","taxonomy":"product_cat","parent":0,"meta":[],"menu_order":0,"yoast_head":"<!-- This site is optimized with the Yoast SEO plugin v28.4 - https:\/\/yoast.com\/product\/yoast-seo-wordpress\/ -->\n<title>Tardana archivos - TERROIR RADICAL<\/title>\n<meta name=\"robots\" content=\"index, follow, max-snippet:-1, max-image-preview:large, max-video-preview:-1\" \/>\n<link rel=\"canonical\" href=\"https:\/\/terroirradical.es\/tienda\/categoria-producto\/varietat-tardana\/\" \/>\n<meta property=\"og:locale\" content=\"es_ES\" \/>\n<meta property=\"og:type\" content=\"article\" \/>\n<meta property=\"og:title\" content=\"Tardana archivos - TERROIR RADICAL\" \/>\n<meta property=\"og:description\" content=\"La Tardana es una variedad blanca aut\u00f3ctona de la Comunitat Valenciana. Su maduraci\u00f3n tard\u00eda le permite conservar una acidez fresca notable. Una rareza del patrimonio vit\u00edcola valenciano recuperada por peque\u00f1os productores naturales.\" \/>\n<meta property=\"og:url\" content=\"https:\/\/terroirradical.es\/tienda\/categoria-producto\/varietat-tardana\/\" \/>\n<meta property=\"og:site_name\" content=\"TERROIR RADICAL\" \/>\n<meta name=\"twitter:card\" content=\"summary_large_image\" \/>\n<script type=\"application\/ld+json\" class=\"yoast-schema-graph\">{\"@context\":\"https:\\\/\\\/schema.org\",\"@graph\":[{\"@type\":\"CollectionPage\",\"@id\":\"https:\\\/\\\/terroirradical.es\\\/tienda\\\/categoria-producto\\\/varietat-tardana\\\/\",\"url\":\"https:\\\/\\\/terroirradical.es\\\/tienda\\\/categoria-producto\\\/varietat-tardana\\\/\",\"name\":\"Tardana archivos - TERROIR RADICAL\",\"isPartOf\":{\"@id\":\"https:\\\/\\\/terroirradical.es\\\/tienda\\\/#website\"},\"breadcrumb\":{\"@id\":\"https:\\\/\\\/terroirradical.es\\\/tienda\\\/categoria-producto\\\/varietat-tardana\\\/#breadcrumb\"},\"inLanguage\":\"es\"},{\"@type\":\"BreadcrumbList\",\"@id\":\"https:\\\/\\\/terroirradical.es\\\/tienda\\\/categoria-producto\\\/varietat-tardana\\\/#breadcrumb\",\"itemListElement\":[{\"@type\":\"ListItem\",\"position\":1,\"name\":\"Portada\",\"item\":\"https:\\\/\\\/terroirradical.es\\\/tienda\\\/\"},{\"@type\":\"ListItem\",\"position\":2,\"name\":\"Tardana\"}]},{\"@type\":\"WebSite\",\"@id\":\"https:\\\/\\\/terroirradical.es\\\/tienda\\\/#website\",\"url\":\"https:\\\/\\\/terroirradical.es\\\/tienda\\\/\",\"name\":\"TERROIR RADICAL\",\"description\":\"Vins amb lligams\",\"publisher\":{\"@id\":\"https:\\\/\\\/terroirradical.es\\\/tienda\\\/#organization\"},\"potentialAction\":[{\"@type\":\"SearchAction\",\"target\":{\"@type\":\"EntryPoint\",\"urlTemplate\":\"https:\\\/\\\/terroirradical.es\\\/tienda\\\/?s={search_term_string}\"},\"query-input\":{\"@type\":\"PropertyValueSpecification\",\"valueRequired\":true,\"valueName\":\"search_term_string\"}}],\"inLanguage\":\"es\"},{\"@type\":\"Organization\",\"@id\":\"https:\\\/\\\/terroirradical.es\\\/tienda\\\/#organization\",\"name\":\"TERROIR RADICAL\",\"url\":\"https:\\\/\\\/terroirradical.es\\\/tienda\\\/\",\"logo\":{\"@type\":\"ImageObject\",\"inLanguage\":\"es\",\"@id\":\"https:\\\/\\\/terroirradical.es\\\/tienda\\\/#\\\/schema\\\/logo\\\/image\\\/\",\"url\":\"https:\\\/\\\/terroirradical.es\\\/tienda\\\/wp-content\\\/uploads\\\/2026\\\/07\\\/logo-tr-terracota-1.png\",\"contentUrl\":\"https:\\\/\\\/terroirradical.es\\\/tienda\\\/wp-content\\\/uploads\\\/2026\\\/07\\\/logo-tr-terracota-1.png\",\"width\":1024,\"height\":1024,\"caption\":\"TERROIR RADICAL\"},\"image\":{\"@id\":\"https:\\\/\\\/terroirradical.es\\\/tienda\\\/#\\\/schema\\\/logo\\\/image\\\/\"}}]}<\/script>\n<!-- \/ Yoast SEO plugin. -->","yoast_head_json":{"title":"Tardana archivos - TERROIR RADICAL","robots":{"index":"index","follow":"follow","max-snippet":"max-snippet:-1","max-image-preview":"max-image-preview:large","max-video-preview":"max-video-preview:-1"},"canonical":"https:\/\/terroirradical.es\/tienda\/categoria-producto\/varietat-tardana\/","og_locale":"es_ES","og_type":"article","og_title":"Tardana archivos - TERROIR RADICAL","og_description":"La Tardana es una variedad blanca aut\u00f3ctona de la Comunitat Valenciana. Su maduraci\u00f3n tard\u00eda le permite conservar una acidez fresca notable. Una rareza del patrimonio vit\u00edcola valenciano recuperada por peque\u00f1os productores naturales.","og_url":"https:\/\/terroirradical.es\/tienda\/categoria-producto\/varietat-tardana\/","og_site_name":"TERROIR RADICAL","twitter_card":"summary_large_image","schema":{"@context":"https:\/\/schema.org","@graph":[{"@type":"CollectionPage","@id":"https:\/\/terroirradical.es\/tienda\/categoria-producto\/varietat-tardana\/","url":"https:\/\/terroirradical.es\/tienda\/categoria-producto\/varietat-tardana\/","name":"Tardana archivos - TERROIR RADICAL","isPartOf":{"@id":"https:\/\/terroirradical.es\/tienda\/#website"},"breadcrumb":{"@id":"https:\/\/terroirradical.es\/tienda\/categoria-producto\/varietat-tardana\/#breadcrumb"},"inLanguage":"es"},{"@type":"BreadcrumbList","@id":"https:\/\/terroirradical.es\/tienda\/categoria-producto\/varietat-tardana\/#breadcrumb","itemListElement":[{"@type":"ListItem","position":1,"name":"Portada","item":"https:\/\/terroirradical.es\/tienda\/"},{"@type":"ListItem","position":2,"name":"Tardana"}]},{"@type":"WebSite","@id":"https:\/\/terroirradical.es\/tienda\/#website","url":"https:\/\/terroirradical.es\/tienda\/","name":"TERROIR RADICAL","description":"Vins amb lligams","publisher":{"@id":"https:\/\/terroirradical.es\/tienda\/#organization"},"potentialAction":[{"@type":"SearchAction","target":{"@type":"EntryPoint","urlTemplate":"https:\/\/terroirradical.es\/tienda\/?s={search_term_string}"},"query-input":{"@type":"PropertyValueSpecification","valueRequired":true,"valueName":"search_term_string"}}],"inLanguage":"es"},{"@type":"Organization","@id":"https:\/\/terroirradical.es\/tienda\/#organization","name":"TERROIR RADICAL","url":"https:\/\/terroirradical.es\/tienda\/","logo":{"@type":"ImageObject","inLanguage":"es","@id":"https:\/\/terroirradical.es\/tienda\/#\/schema\/logo\/image\/","url":"https:\/\/terroirradical.es\/tienda\/wp-content\/uploads\/2026\/07\/logo-tr-terracota-1.png","contentUrl":"https:\/\/terroirradical.es\/tienda\/wp-content\/uploads\/2026\/07\/logo-tr-terracota-1.png","width":1024,"height":1024,"caption":"TERROIR RADICAL"},"image":{"@id":"https:\/\/terroirradical.es\/tienda\/#\/schema\/logo\/image\/"}}]}},"_links":{"self":[{"href":"https:\/\/terroirradical.es\/tienda\/wp-json\/wp\/v2\/product_cat\/592","targetHints":{"allow":["GET"]}}],"collection":[{"href":"https:\/\/terroirradical.es\/tienda\/wp-json\/wp\/v2\/product_cat"}],"about":[{"href":"https:\/\/terroirradical.es\/tienda\/wp-json\/wp\/v2\/taxonomies\/product_cat"}],"wp:post_type":[{"href":"https:\/\/terroirradical.es\/tienda\/wp-json\/wp\/v2\/product?product_cat=592"}],"curies":[{"name":"wp","href":"https:\/\/api.w.org\/{rel}","templated":true}]}}